{"id":35610,"date":"2024-09-09T14:42:05","date_gmt":"2024-09-09T12:42:05","guid":{"rendered":"https:\/\/tps.travel\/?post_type=story&#038;p=35610"},"modified":"2024-09-09T15:01:03","modified_gmt":"2024-09-09T13:01:03","slug":"quelques-images-de-notre-assemblee-generale-berne","status":"publish","type":"story","link":"https:\/\/tps.travel\/fr\/story\/quelques-images-de-notre-assemblee-generale-berne\/","title":{"rendered":"Quelques images de notre Assembl\u00e9e G\u00e9n\u00e9rale &#8211; Berne"},"content":{"rendered":"","protected":false},"excerpt":{"rendered":"","protected":false},"author":8,"featured_media":35505,"template":"","categories":[24,95],"class_list":["post-35610","story","type-story","status-publish","has-post-thumbnail","hentry","category-actualites-tps","category-partage-dexperiences"],"acf":[],"yoast_head":"<!-- This site is optimized with the Yoast SEO plugin v27.1.1 - https:\/\/yoast.com\/product\/yoast-seo-wordpress\/ -->\n<title>Quelques images de notre Assembl\u00e9e G\u00e9n\u00e9rale - Berne &#8211; TPS<\/title>\n<meta name=\"robots\" content=\"index, follow, max-snippet:-1, max-image-preview:large, max-video-preview:-1\" \/>\n<link rel=\"canonical\" href=\"https:\/\/tps.travel\/fr\/story\/quelques-images-de-notre-assemblee-generale-berne\/\" \/>\n<meta property=\"og:locale\" content=\"fr_FR\" \/>\n<meta property=\"og:type\" content=\"article\" \/>\n<meta property=\"og:title\" content=\"Quelques images de notre Assembl\u00e9e G\u00e9n\u00e9rale - Berne &#8211; TPS\" \/>\n<meta property=\"og:url\" content=\"https:\/\/tps.travel\/fr\/story\/quelques-images-de-notre-assemblee-generale-berne\/\" \/>\n<meta property=\"og:site_name\" content=\"TPS\" \/>\n<meta property=\"article:modified_time\" content=\"2024-09-09T13:01:03+00:00\" \/>\n<meta property=\"og:image\" content=\"https:\/\/tps.travel\/wp-content\/uploads\/2024\/09\/GV_Header-78b8dbf3.webp\" \/>\n\t<meta property=\"og:image:width\" content=\"1180\" \/>\n\t<meta property=\"og:image:height\" content=\"590\" \/>\n\t<meta property=\"og:image:type\" content=\"image\/webp\" \/>\n<meta name=\"twitter:card\" content=\"summary_large_image\" \/>\n<meta name=\"twitter:label1\" content=\"Dur\u00e9e de lecture estim\u00e9e\" \/>\n\t<meta name=\"twitter:data1\" content=\"1 minute\" \/>\n<script type=\"application\/ld+json\" class=\"yoast-schema-graph\">{\"@context\":\"https:\/\/schema.org\",\"@graph\":[{\"@type\":\"WebPage\",\"@id\":\"https:\/\/tps.travel\/fr\/story\/quelques-images-de-notre-assemblee-generale-berne\/\",\"url\":\"https:\/\/tps.travel\/fr\/story\/quelques-images-de-notre-assemblee-generale-berne\/\",\"name\":\"Quelques images de notre Assembl\u00e9e G\u00e9n\u00e9rale - Berne &#8211; TPS\",\"isPartOf\":{\"@id\":\"https:\/\/tps.travel\/fr\/#website\"},\"primaryImageOfPage\":{\"@id\":\"https:\/\/tps.travel\/fr\/story\/quelques-images-de-notre-assemblee-generale-berne\/#primaryimage\"},\"image\":{\"@id\":\"https:\/\/tps.travel\/fr\/story\/quelques-images-de-notre-assemblee-generale-berne\/#primaryimage\"},\"thumbnailUrl\":\"https:\/\/tps.travel\/wp-content\/uploads\/2024\/09\/GV_Header-78b8dbf3.webp\",\"datePublished\":\"2024-09-09T12:42:05+00:00\",\"dateModified\":\"2024-09-09T13:01:03+00:00\",\"breadcrumb\":{\"@id\":\"https:\/\/tps.travel\/fr\/story\/quelques-images-de-notre-assemblee-generale-berne\/#breadcrumb\"},\"inLanguage\":\"fr-FR\",\"potentialAction\":[{\"@type\":\"ReadAction\",\"target\":[\"https:\/\/tps.travel\/fr\/story\/quelques-images-de-notre-assemblee-generale-berne\/\"]}]},{\"@type\":\"ImageObject\",\"inLanguage\":\"fr-FR\",\"@id\":\"https:\/\/tps.travel\/fr\/story\/quelques-images-de-notre-assemblee-generale-berne\/#primaryimage\",\"url\":\"https:\/\/tps.travel\/wp-content\/uploads\/2024\/09\/GV_Header-78b8dbf3.webp\",\"contentUrl\":\"https:\/\/tps.travel\/wp-content\/uploads\/2024\/09\/GV_Header-78b8dbf3.webp\",\"width\":1180,\"height\":590},{\"@type\":\"BreadcrumbList\",\"@id\":\"https:\/\/tps.travel\/fr\/story\/quelques-images-de-notre-assemblee-generale-berne\/#breadcrumb\",\"itemListElement\":[{\"@type\":\"ListItem\",\"position\":1,\"name\":\"Home\",\"item\":\"https:\/\/tps.travel\/fr\/\"},{\"@type\":\"ListItem\",\"position\":2,\"name\":\"Quelques images de notre Assembl\u00e9e G\u00e9n\u00e9rale &#8211; Berne\"}]},{\"@type\":\"WebSite\",\"@id\":\"https:\/\/tps.travel\/fr\/#website\",\"url\":\"https:\/\/tps.travel\/fr\/\",\"name\":\"TPS\",\"description\":\"TRAVEL PROFESSIONALS SWITZERLAND\",\"publisher\":{\"@id\":\"https:\/\/tps.travel\/fr\/#organization\"},\"potentialAction\":[{\"@type\":\"SearchAction\",\"target\":{\"@type\":\"EntryPoint\",\"urlTemplate\":\"https:\/\/tps.travel\/fr\/?s={search_term_string}\"},\"query-input\":{\"@type\":\"PropertyValueSpecification\",\"valueRequired\":true,\"valueName\":\"search_term_string\"}}],\"inLanguage\":\"fr-FR\"},{\"@type\":\"Organization\",\"@id\":\"https:\/\/tps.travel\/fr\/#organization\",\"name\":\"TRAVEL PROFESSIONALS SWITZERLAND\",\"url\":\"https:\/\/tps.travel\/fr\/\",\"logo\":{\"@type\":\"ImageObject\",\"inLanguage\":\"fr-FR\",\"@id\":\"https:\/\/tps.travel\/fr\/#\/schema\/logo\/image\/\",\"url\":\"https:\/\/tps.travel\/wp-content\/uploads\/2022\/06\/logo-blau.jpg\",\"contentUrl\":\"https:\/\/tps.travel\/wp-content\/uploads\/2022\/06\/logo-blau.jpg\",\"width\":580,\"height\":380,\"caption\":\"TRAVEL PROFESSIONALS SWITZERLAND\"},\"image\":{\"@id\":\"https:\/\/tps.travel\/fr\/#\/schema\/logo\/image\/\"}}]}<\/script>\n<!-- \/ Yoast SEO plugin. -->","yoast_head_json":{"title":"Quelques images de notre Assembl\u00e9e G\u00e9n\u00e9rale - Berne &#8211; TPS","robots":{"index":"index","follow":"follow","max-snippet":"max-snippet:-1","max-image-preview":"max-image-preview:large","max-video-preview":"max-video-preview:-1"},"canonical":"https:\/\/tps.travel\/fr\/story\/quelques-images-de-notre-assemblee-generale-berne\/","og_locale":"fr_FR","og_type":"article","og_title":"Quelques images de notre Assembl\u00e9e G\u00e9n\u00e9rale - Berne &#8211; TPS","og_url":"https:\/\/tps.travel\/fr\/story\/quelques-images-de-notre-assemblee-generale-berne\/","og_site_name":"TPS","article_modified_time":"2024-09-09T13:01:03+00:00","og_image":[{"width":1180,"height":590,"url":"https:\/\/tps.travel\/wp-content\/uploads\/2024\/09\/GV_Header-78b8dbf3.webp","type":"image\/webp"}],"twitter_card":"summary_large_image","twitter_misc":{"Dur\u00e9e de lecture estim\u00e9e":"1 minute"},"schema":{"@context":"https:\/\/schema.org","@graph":[{"@type":"WebPage","@id":"https:\/\/tps.travel\/fr\/story\/quelques-images-de-notre-assemblee-generale-berne\/","url":"https:\/\/tps.travel\/fr\/story\/quelques-images-de-notre-assemblee-generale-berne\/","name":"Quelques images de notre Assembl\u00e9e G\u00e9n\u00e9rale - Berne &#8211; TPS","isPartOf":{"@id":"https:\/\/tps.travel\/fr\/#website"},"primaryImageOfPage":{"@id":"https:\/\/tps.travel\/fr\/story\/quelques-images-de-notre-assemblee-generale-berne\/#primaryimage"},"image":{"@id":"https:\/\/tps.travel\/fr\/story\/quelques-images-de-notre-assemblee-generale-berne\/#primaryimage"},"thumbnailUrl":"https:\/\/tps.travel\/wp-content\/uploads\/2024\/09\/GV_Header-78b8dbf3.webp","datePublished":"2024-09-09T12:42:05+00:00","dateModified":"2024-09-09T13:01:03+00:00","breadcrumb":{"@id":"https:\/\/tps.travel\/fr\/story\/quelques-images-de-notre-assemblee-generale-berne\/#breadcrumb"},"inLanguage":"fr-FR","potentialAction":[{"@type":"ReadAction","target":["https:\/\/tps.travel\/fr\/story\/quelques-images-de-notre-assemblee-generale-berne\/"]}]},{"@type":"ImageObject","inLanguage":"fr-FR","@id":"https:\/\/tps.travel\/fr\/story\/quelques-images-de-notre-assemblee-generale-berne\/#primaryimage","url":"https:\/\/tps.travel\/wp-content\/uploads\/2024\/09\/GV_Header-78b8dbf3.webp","contentUrl":"https:\/\/tps.travel\/wp-content\/uploads\/2024\/09\/GV_Header-78b8dbf3.webp","width":1180,"height":590},{"@type":"BreadcrumbList","@id":"https:\/\/tps.travel\/fr\/story\/quelques-images-de-notre-assemblee-generale-berne\/#breadcrumb","itemListElement":[{"@type":"ListItem","position":1,"name":"Home","item":"https:\/\/tps.travel\/fr\/"},{"@type":"ListItem","position":2,"name":"Quelques images de notre Assembl\u00e9e G\u00e9n\u00e9rale &#8211; Berne"}]},{"@type":"WebSite","@id":"https:\/\/tps.travel\/fr\/#website","url":"https:\/\/tps.travel\/fr\/","name":"TPS","description":"TRAVEL PROFESSIONALS SWITZERLAND","publisher":{"@id":"https:\/\/tps.travel\/fr\/#organization"},"potentialAction":[{"@type":"SearchAction","target":{"@type":"EntryPoint","urlTemplate":"https:\/\/tps.travel\/fr\/?s={search_term_string}"},"query-input":{"@type":"PropertyValueSpecification","valueRequired":true,"valueName":"search_term_string"}}],"inLanguage":"fr-FR"},{"@type":"Organization","@id":"https:\/\/tps.travel\/fr\/#organization","name":"TRAVEL PROFESSIONALS SWITZERLAND","url":"https:\/\/tps.travel\/fr\/","logo":{"@type":"ImageObject","inLanguage":"fr-FR","@id":"https:\/\/tps.travel\/fr\/#\/schema\/logo\/image\/","url":"https:\/\/tps.travel\/wp-content\/uploads\/2022\/06\/logo-blau.jpg","contentUrl":"https:\/\/tps.travel\/wp-content\/uploads\/2022\/06\/logo-blau.jpg","width":580,"height":380,"caption":"TRAVEL PROFESSIONALS SWITZERLAND"},"image":{"@id":"https:\/\/tps.travel\/fr\/#\/schema\/logo\/image\/"}}]}},"_links":{"self":[{"href":"https:\/\/tps.travel\/fr\/wp-json\/wp\/v2\/story\/35610","targetHints":{"allow":["GET"]}}],"collection":[{"href":"https:\/\/tps.travel\/fr\/wp-json\/wp\/v2\/story"}],"about":[{"href":"https:\/\/tps.travel\/fr\/wp-json\/wp\/v2\/types\/story"}],"author":[{"embeddable":true,"href":"https:\/\/tps.travel\/fr\/wp-json\/wp\/v2\/users\/8"}],"version-history":[{"count":7,"href":"https:\/\/tps.travel\/fr\/wp-json\/wp\/v2\/story\/35610\/revisions"}],"predecessor-version":[{"id":35619,"href":"https:\/\/tps.travel\/fr\/wp-json\/wp\/v2\/story\/35610\/revisions\/35619"}],"wp:featuredmedia":[{"embeddable":true,"href":"https:\/\/tps.travel\/fr\/wp-json\/wp\/v2\/media\/35505"}],"wp:attachment":[{"href":"https:\/\/tps.travel\/fr\/wp-json\/wp\/v2\/media?parent=35610"}],"wp:term":[{"taxonomy":"category","embeddable":true,"href":"https:\/\/tps.travel\/fr\/wp-json\/wp\/v2\/categories?post=35610"}],"curies":[{"name":"wp","href":"https:\/\/api.w.org\/{rel}","templated":true}]}}